{"id":154,"global_id":"naterre.net?id=154","global_id_lineage":["naterre.net?id=154"],"author":"1","status":"publish","date":"2016-03-09 16:26:16","date_utc":"2016-03-09 15:26:16","modified":"2017-03-01 15:56:27","modified_utc":"2017-03-01 14:56:27","url":"https:\/\/naterre.net\/index.php\/event\/salon-vegetal-vannes-cote-jardin\/","rest_url":"https:\/\/naterre.net\/index.php\/wp-json\/tribe\/events\/v1\/events\/154","title":"Salon v\u00e9g\u00e9tal: Vannes c\u00f4t\u00e9 jardin","description":"<p>Venez nous retrouver pour une belle expo!<\/p>\n<p>Install\u00e9s dans les jardins des remparts, une centaine d&rsquo;exposants professionnels (p\u00e9pini\u00e9ristes, horticulteurs) accueilleront\u00a0pr\u00e8s de 30000 visiteurs et pr\u00e9senteront plantes de collection et l\u00e9gumes anciens. Artistes et paysagistes seront \u00e9galement \u00e0 l&rsquo;honneur entre sculptures et poterie d&rsquo;art.<\/p>","excerpt":"","slug":"salon-vegetal-vannes-cote-jardin","image":{"url":"https:\/\/naterre.net\/wordpress\/wp-content\/uploads\/2016\/03\/cote-jardin.jpg","id":155,"extension":"jpg","width":180,"height":255,"sizes":{"thumbnail":{"width":150,"height":150,"mime-type":"image\/jpeg","url":"https:\/\/naterre.net\/wordpress\/wp-content\/uploads\/2016\/03\/cote-jardin-150x150.jpg"}}},"all_day":false,"start_date":"2017-05-06 10:00:00","start_date_details":{"year":"2017","month":"05","day":"06","hour":"10","minutes":"00","seconds":"00"},"end_date":"2017-05-07 18:00:00","end_date_details":{"year":"2017","month":"05","day":"07","hour":"18","minutes":"00","seconds":"00"},"utc_start_date":"2017-05-06 08:00:00","utc_start_date_details":{"year":"2017","month":"05","day":"06","hour":"08","minutes":"00","seconds":"00"},"utc_end_date":"2017-05-07 16:00:00","utc_end_date_details":{"year":"2017","month":"05","day":"07","hour":"16","minutes":"00","seconds":"00"},"timezone":"UTC+1","timezone_abbr":"","cost":"","cost_details":{"currency_symbol":"","currency_code":"","currency_position":"prefix","values":[]},"website":"","show_map":true,"show_map_link":true,"hide_from_listings":false,"sticky":false,"featured":false,"categories":[],"tags":[],"venue":{"id":157,"author":"1","status":"publish","date":"2016-03-09 16:26:16","date_utc":"2016-03-09 15:26:16","modified":"2016-03-09 16:26:16","modified_utc":"2016-03-09 15:26:16","url":"https:\/\/naterre.net\/index.php\/lieu\/remparts-de-vannes\/","venue":"remparts de Vannes","slug":"remparts-de-vannes","city":"Vannes","zip":"56000","json_ld":{"@type":"Place","name":"remparts de Vannes","description":"","url":"","address":{"@type":"PostalAddress","addressLocality":"Vannes","postalCode":"56000"},"telephone":"","sameAs":""},"show_map":true,"show_map_link":true,"global_id":"naterre.net?id=157","global_id_lineage":["naterre.net?id=157"]},"organizer":[{"id":156,"author":"1","status":"publish","date":"2016-03-09 16:26:16","date_utc":"2016-03-09 15:26:16","modified":"2016-03-09 16:26:16","modified_utc":"2016-03-09 15:26:16","url":"https:\/\/naterre.net\/index.php\/organisateur\/unnamed-organisateur\/","organizer":"Unnamed Organisateur","slug":"unnamed-organisateur","website":"http:\/\/www.vannescotejardin.fr\/","json_ld":{"@type":"Person","name":"Unnamed Organisateur","description":"","url":"http:\/\/www.vannescotejardin.fr\/","telephone":"","email":"","sameAs":"http:\/\/www.vannescotejardin.fr\/"},"global_id":"naterre.net?id=156","global_id_lineage":["naterre.net?id=156"]}],"custom_fields":[],"json_ld":{"@context":"http:\/\/schema.org","@type":"Event","name":"Salon v\u00e9g\u00e9tal: Vannes c\u00f4t\u00e9 jardin","description":"&lt;p&gt;Venez nous retrouver pour une belle expo! Install\u00e9s dans les jardins des remparts, une centaine d\\'exposants professionnels (p\u00e9pini\u00e9ristes, horticulteurs) accueilleront\u00a0pr\u00e8s de 30000 visiteurs et pr\u00e9senteront plantes de collection et l\u00e9gumes &hellip; &lt;a href=&quot;https:\/\/naterre.net\/index.php\/event\/salon-vegetal-vannes-cote-jardin\/&quot; class=&quot;more-link&quot;&gt;Continuer la lecture de &lt;span class=&quot;screen-reader-text&quot;&gt;Salon v\u00e9g\u00e9tal: Vannes c\u00f4t\u00e9 jardin&lt;\/span&gt;  &lt;span class=&quot;meta-nav&quot;&gt;&rarr;&lt;\/span&gt;&lt;\/a&gt;&lt;\/p&gt;\\n","image":"https:\/\/naterre.net\/wordpress\/wp-content\/uploads\/2016\/03\/cote-jardin.jpg","url":"https:\/\/naterre.net\/index.php\/event\/salon-vegetal-vannes-cote-jardin\/","eventAttendanceMode":"https:\/\/schema.org\/OfflineEventAttendanceMode","eventStatus":"https:\/\/schema.org\/EventScheduled","startDate":"2017-05-06T10:00:00+01:00","endDate":"2017-05-07T18:00:00+01:00","location":{"@type":"Place","name":"remparts de Vannes","description":"","url":"","address":{"@type":"PostalAddress","addressLocality":"Vannes","postalCode":"56000"},"telephone":"","sameAs":""},"organizer":{"@type":"Person","name":"Unnamed Organisateur","description":"","url":"http:\/\/www.vannescotejardin.fr\/","telephone":"","email":"","sameAs":"http:\/\/www.vannescotejardin.fr\/"},"performer":"Organization"}}