{"id":221,"global_id":"naterre.net?id=221","global_id_lineage":["naterre.net?id=221"],"author":"1","status":"publish","date":"2016-05-18 15:24:17","date_utc":"2016-05-18 14:24:17","modified":"2016-09-07 14:11:51","modified_utc":"2016-09-07 13:11:51","url":"https:\/\/naterre.net\/index.php\/event\/biozone\/","rest_url":"https:\/\/naterre.net\/index.php\/wp-json\/tribe\/events\/v1\/events\/221","title":"Biozone","description":"<p>Foire r\u00e9gionale biologique BioZone \u2013 31 <em><sup>\u00e8me <\/sup><\/em>\u00e9dition<\/p>\n<p>10 &amp; 11 Septembre 2016<\/p>\n<p>M\u00fbr-de-Bretagne<\/p>\n<p>2016 : le jardin sous toutes les boutures<\/p>\n<p>Potager, ornemental, aromatique, m\u00e9dicinal, m\u00e9di\u00e9val, urbain, partag\u00e9, ouvrier, p\u00e9dagogique\u00a0\u2026 les d\u00e9clinaisons sont tellement importantes que de nouvelles formes d\u2019animation sont imagin\u00e9es\u00a0: ateliers pratiques, rencontres avec des jardiniers insolites, d\u00e9couvertes de pratiques \u00e9cologiques et naturelles \u2026 pour pr\u00e9senter le jardin sous toutes ses boutures\u00a0!<\/p>\n<p>&nbsp;<\/p>","excerpt":"","slug":"biozone","image":{"url":"https:\/\/naterre.net\/wordpress\/wp-content\/uploads\/2016\/05\/BIOZONE-2016-ENCART-9-X-65-CM.jpg","id":223,"extension":"jpg","width":1181,"height":886,"sizes":{"thumbnail":{"width":150,"height":150,"mime-type":"image\/jpeg","url":"https:\/\/naterre.net\/wordpress\/wp-content\/uploads\/2016\/05\/BIOZONE-2016-ENCART-9-X-65-CM-150x150.jpg"},"medium":{"width":300,"height":225,"mime-type":"image\/jpeg","url":"https:\/\/naterre.net\/wordpress\/wp-content\/uploads\/2016\/05\/BIOZONE-2016-ENCART-9-X-65-CM-300x225.jpg"},"medium_large":{"width":768,"height":576,"mime-type":"image\/jpeg","url":"https:\/\/naterre.net\/wordpress\/wp-content\/uploads\/2016\/05\/BIOZONE-2016-ENCART-9-X-65-CM-768x576.jpg"},"large":{"width":1024,"height":768,"mime-type":"image\/jpeg","url":"https:\/\/naterre.net\/wordpress\/wp-content\/uploads\/2016\/05\/BIOZONE-2016-ENCART-9-X-65-CM-1024x768.jpg"},"post-thumbnail":{"width":672,"height":372,"mime-type":"image\/jpeg","url":"https:\/\/naterre.net\/wordpress\/wp-content\/uploads\/2016\/05\/BIOZONE-2016-ENCART-9-X-65-CM-672x372.jpg"},"twentyfourteen-full-width":{"width":1038,"height":576,"mime-type":"image\/jpeg","url":"https:\/\/naterre.net\/wordpress\/wp-content\/uploads\/2016\/05\/BIOZONE-2016-ENCART-9-X-65-CM-1038x576.jpg"}}},"all_day":false,"start_date":"2016-09-10 08:00:00","start_date_details":{"year":"2016","month":"09","day":"10","hour":"08","minutes":"00","seconds":"00"},"end_date":"2016-09-11 18:00:00","end_date_details":{"year":"2016","month":"09","day":"11","hour":"18","minutes":"00","seconds":"00"},"utc_start_date":"2016-09-10 06:00:00","utc_start_date_details":{"year":"2016","month":"09","day":"10","hour":"06","minutes":"00","seconds":"00"},"utc_end_date":"2016-09-11 16:00:00","utc_end_date_details":{"year":"2016","month":"09","day":"11","hour":"16","minutes":"00","seconds":"00"},"timezone":"UTC+1","timezone_abbr":"","cost":"","cost_details":{"currency_symbol":"","currency_code":"","currency_position":"prefix","values":[]},"website":"http:\/\/www.foire-biozone.org\/","show_map":true,"show_map_link":true,"hide_from_listings":false,"sticky":false,"featured":false,"categories":[],"tags":[],"venue":{"id":280,"author":"1","status":"publish","date":"2016-09-07 14:11:51","date_utc":"2016-09-07 13:11:51","modified":"2016-09-07 14:11:51","modified_utc":"2016-09-07 13:11:51","url":"https:\/\/naterre.net\/index.php\/lieu\/280\/","slug":"280","city":"Mur de Bretagne","json_ld":{"@type":"Place","name":"","description":"","url":"","address":{"@type":"PostalAddress","addressLocality":"Mur de Bretagne"},"telephone":"","sameAs":""},"show_map":true,"show_map_link":true,"global_id":"naterre.net?id=280","global_id_lineage":["naterre.net?id=280"]},"organizer":[],"custom_fields":[],"json_ld":{"@context":"http:\/\/schema.org","@type":"Event","name":"Biozone","description":"&lt;p&gt;Foire r\u00e9gionale biologique BioZone \u2013 31 \u00e8me \u00e9dition 10 &amp; 11 Septembre 2016 M\u00fbr-de-Bretagne 2016 : le jardin sous toutes les boutures Potager, ornemental, aromatique, m\u00e9dicinal, m\u00e9di\u00e9val, urbain, partag\u00e9, ouvrier, &hellip; &lt;a href=&quot;https:\/\/naterre.net\/index.php\/event\/biozone\/&quot; class=&quot;more-link&quot;&gt;Continuer la lecture de &lt;span class=&quot;screen-reader-text&quot;&gt;Biozone&lt;\/span&gt;  &lt;span class=&quot;meta-nav&quot;&gt;&rarr;&lt;\/span&gt;&lt;\/a&gt;&lt;\/p&gt;\\n","image":"https:\/\/naterre.net\/wordpress\/wp-content\/uploads\/2016\/05\/BIOZONE-2016-ENCART-9-X-65-CM.jpg","url":"https:\/\/naterre.net\/index.php\/event\/biozone\/","eventAttendanceMode":"https:\/\/schema.org\/OfflineEventAttendanceMode","eventStatus":"https:\/\/schema.org\/EventScheduled","startDate":"2016-09-10T08:00:00+01:00","endDate":"2016-09-11T18:00:00+01:00","location":false,"performer":"Organization"}}