{"id":598,"date":"2019-05-28T17:36:22","date_gmt":"2019-05-28T16:36:22","guid":{"rendered":"https:\/\/naterre.net\/?p=598"},"modified":"2020-05-10T15:12:46","modified_gmt":"2020-05-10T14:12:46","slug":"petite-video-realisee-par-france-3-lors-de-la-fete-des-plantes-de-doullens-au-nord-damiens","status":"publish","type":"post","link":"https:\/\/naterre.net\/index.php\/2019\/05\/28\/petite-video-realisee-par-france-3-lors-de-la-fete-des-plantes-de-doullens-au-nord-damiens\/","title":{"rendered":"Petite vid\u00e9o r\u00e9alis\u00e9e par France 3 lors de la f\u00eate des plantes de Doullens au nord d&rsquo;Amiens."},"content":{"rendered":"<div style=\"width: 474px;\" class=\"wp-video\"><video class=\"size-full\" id=\"video-598-1\" width=\"474\" height=\"267\" preload=\"metadata\" controls=\"controls\"><source type=\"video\/mp4\" src=\"https:\/\/naterre.net\/wordpress\/wp-content\/uploads\/2019\/05\/ScreenRecord_2019-05-27-21-35-23_000.mp4.mp4?_=1\" \/><a href=\"https:\/\/naterre.net\/wordpress\/wp-content\/uploads\/2019\/05\/ScreenRecord_2019-05-27-21-35-23_000.mp4.mp4\">https:\/\/naterre.net\/wordpress\/wp-content\/uploads\/2019\/05\/ScreenRecord_2019-05-27-21-35-23_000.mp4.mp4<\/a><\/video><\/div>\n","protected":false},"excerpt":{"rendered":"","protected":false},"author":1,"featured_media":0,"comment_status":"closed","ping_status":"open","sticky":false,"template":"","format":"standard","meta":{"_mi_skip_tracking":false,"footnotes":""},"categories":[11],"tags":[],"class_list":["post-598","post","type-post","status-publish","format-standard","hentry","category-retour-devenements"],"_links":{"self":[{"href":"https:\/\/naterre.net\/index.php\/wp-json\/wp\/v2\/posts\/598","targetHints":{"allow":["GET"]}}],"collection":[{"href":"https:\/\/naterre.net\/index.php\/wp-json\/wp\/v2\/posts"}],"about":[{"href":"https:\/\/naterre.net\/index.php\/wp-json\/wp\/v2\/types\/post"}],"author":[{"embeddable":true,"href":"https:\/\/naterre.net\/index.php\/wp-json\/wp\/v2\/users\/1"}],"replies":[{"embeddable":true,"href":"https:\/\/naterre.net\/index.php\/wp-json\/wp\/v2\/comments?post=598"}],"version-history":[{"count":1,"href":"https:\/\/naterre.net\/index.php\/wp-json\/wp\/v2\/posts\/598\/revisions"}],"predecessor-version":[{"id":599,"href":"https:\/\/naterre.net\/index.php\/wp-json\/wp\/v2\/posts\/598\/revisions\/599"}],"wp:attachment":[{"href":"https:\/\/naterre.net\/index.php\/wp-json\/wp\/v2\/media?parent=598"}],"wp:term":[{"taxonomy":"category","embeddable":true,"href":"https:\/\/naterre.net\/index.php\/wp-json\/wp\/v2\/categories?post=598"},{"taxonomy":"post_tag","embeddable":true,"href":"https:\/\/naterre.net\/index.php\/wp-json\/wp\/v2\/tags?post=598"}],"curies":[{"name":"wp","href":"https:\/\/api.w.org\/{rel}","templated":true}]}}